{"id":464,"date":"2023-09-04T07:18:55","date_gmt":"2023-09-04T07:18:55","guid":{"rendered":"https:\/\/poli-biketeam.it\/?p=464"},"modified":"2023-09-04T07:19:55","modified_gmt":"2023-09-04T07:19:55","slug":"oetztaler-radmarathon-2023-09-07-2023","status":"publish","type":"post","link":"https:\/\/poli-biketeam.it\/it\/2023\/09\/oetztaler-radmarathon-2023-09-07-2023\/","title":{"rendered":"Maratona ciclista \u00d6tztaler 2023 &#8211; 09.07.2023"},"content":{"rendered":"\n<p>La maratona ciclistica della \u00d6tztal si \u00e8 svolta all&#8217;inizio di luglio. Il vincitore di quest&#8217;anno \u00e8 Manuel Senni. Il 31enne ex ciclista professionista di Cesena ha vinto davanti ad Alban Lakata e Jonny Hoogerland. Nella gara femminile, Janine Meyer ha stabilito il nuovo record del percorso con 7:27:47. Si \u00e8 imposta davanti a Samantha Arrubati. Ha vinto davanti a Samantha Arnaudo e Catherine Rossmann.<\/p>\n\n\n\n<p>15 atleti della nostra squadra hanno partecipato alla maratona ciclistica pi\u00f9 famosa d&#8217;Europa. Tra questi, Gschnitzer Thomas \u00e8 riuscito a migliorare il suo miglior tempo personale e si \u00e8 piazzato al 23\u00b0 posto in classifica generale con un tempo di 7:15:51. La nostra squadra ha ottenuto un eccellente 3\u00b0 posto nella classifica a squadre.<\/p>\n\n\n\n<figure class=\"wp-block-image size-large is-resized\"><img loading=\"lazy\" decoding=\"async\" src=\"https:\/\/poli-biketeam.it\/wp-content\/uploads\/2023\/09\/XXX-576x1024.jpg\" alt=\"\" class=\"wp-image-465\" style=\"width:485px;height:862px\" width=\"485\" height=\"862\" srcset=\"https:\/\/poli-biketeam.it\/wp-content\/uploads\/2023\/09\/XXX-576x1024.jpg 576w, https:\/\/poli-biketeam.it\/wp-content\/uploads\/2023\/09\/XXX-169x300.jpg 169w, https:\/\/poli-biketeam.it\/wp-content\/uploads\/2023\/09\/XXX-768x1365.jpg 768w, https:\/\/poli-biketeam.it\/wp-content\/uploads\/2023\/09\/XXX-864x1536.jpg 864w, https:\/\/poli-biketeam.it\/wp-content\/uploads\/2023\/09\/XXX.jpg 900w\" sizes=\"auto, (max-width: 485px) 100vw, 485px\" \/><\/figure>\n\n\n\n<p><strong>Risultati<\/strong><\/p>\n\n\n\n<p><strong>Uomini<\/strong><\/p>\n\n\n\n<p>1. Senni Manuel&nbsp;&nbsp;&nbsp;&nbsp;&nbsp;&nbsp;&nbsp;&nbsp; &nbsp;&nbsp;&nbsp;&nbsp;&nbsp;&nbsp;&nbsp; 6:49.18,3<\/p>\n\n\n\n<p>2. Lakata Alban&nbsp;&nbsp;&nbsp;&nbsp;&nbsp;&nbsp;&nbsp;&nbsp;&nbsp;&nbsp; &nbsp;&nbsp;&nbsp;&nbsp;&nbsp;&nbsp; 6:51.59,3<\/p>\n\n\n\n<p>3. Hoogerland Johnny&nbsp;&nbsp;&nbsp;&nbsp;&nbsp; 7:16.51,7<\/p>\n\n\n\n<p><strong>Donne<\/strong><\/p>\n\n\n\n<p>1. Meyer Janine&nbsp;&nbsp;&nbsp;&nbsp;&nbsp;&nbsp;&nbsp;&nbsp;&nbsp;&nbsp;&nbsp;&nbsp;&nbsp; &nbsp;&nbsp;&nbsp;&nbsp; 7:27:47,1<\/p>\n\n\n\n<p>2. Arnaudo Samantha&nbsp;&nbsp; &nbsp;&nbsp;&nbsp;&nbsp; 7:47:26,6<\/p>\n\n\n\n<p>3. Rossmann Catherine &nbsp;&nbsp;&nbsp;&nbsp; 8:00:12,9<\/p>\n\n\n\n<p><strong>Polisportiva A.V.I. Biketeam Sterzing<\/strong><\/p>\n\n\n\n<p>Gschnitzer Thomas        7:16.51,7&nbsp;&nbsp;&nbsp;&nbsp;&nbsp;&nbsp;&nbsp;&nbsp;&nbsp;&nbsp;&nbsp;&nbsp;&nbsp; &nbsp;&nbsp;&nbsp;&nbsp;&nbsp;&nbsp;&nbsp;&nbsp;&nbsp;&nbsp;&nbsp;&nbsp;&nbsp;&nbsp;&nbsp;<\/p>\n\n\n\n<p>Oberrauch Michael        7:26.10,9&nbsp;&nbsp;&nbsp;&nbsp;&nbsp;&nbsp;&nbsp;&nbsp;&nbsp;&nbsp;&nbsp;&nbsp;&nbsp; &nbsp;&nbsp;&nbsp;&nbsp;&nbsp;&nbsp;&nbsp;&nbsp;&nbsp;&nbsp;&nbsp;&nbsp;&nbsp;&nbsp;&nbsp;<\/p>\n\n\n\n<p>Fichter Christian             8:00.14,2&nbsp;&nbsp;&nbsp;&nbsp;&nbsp;&nbsp;&nbsp;&nbsp;&nbsp;&nbsp;&nbsp;&nbsp;&nbsp; &nbsp;&nbsp;&nbsp;&nbsp;&nbsp;&nbsp;&nbsp;&nbsp;&nbsp;&nbsp;&nbsp;&nbsp;&nbsp;&nbsp;&nbsp;<\/p>\n\n\n\n<p>Obletter Stephan            8:10.18,5&nbsp;&nbsp;&nbsp;&nbsp;&nbsp;&nbsp;&nbsp;&nbsp;&nbsp;&nbsp;&nbsp;&nbsp;&nbsp; &nbsp;&nbsp;&nbsp;&nbsp;&nbsp;&nbsp;&nbsp;&nbsp;&nbsp;&nbsp;&nbsp;&nbsp;&nbsp;&nbsp;&nbsp;<\/p>\n\n\n\n<p>Oberhollenzer Thomas  8:17.14,4&nbsp;&nbsp;&nbsp;&nbsp;&nbsp;&nbsp;&nbsp;&nbsp;&nbsp;&nbsp;&nbsp;&nbsp;&nbsp; &nbsp;&nbsp;&nbsp;&nbsp;&nbsp;&nbsp;&nbsp;&nbsp;&nbsp;&nbsp;&nbsp;&nbsp;&nbsp;&nbsp;&nbsp;<\/p>\n\n\n\n<p>Polig Alexander               8:23.23,4&nbsp;&nbsp;&nbsp;&nbsp;&nbsp;&nbsp;&nbsp;&nbsp;&nbsp;&nbsp;&nbsp;&nbsp;&nbsp; &nbsp;&nbsp;&nbsp;&nbsp;&nbsp;&nbsp;&nbsp;&nbsp;&nbsp;&nbsp;&nbsp;&nbsp;&nbsp;&nbsp;&nbsp;<\/p>\n\n\n\n<p>Winkler David                  8:35.55,8&nbsp;&nbsp;&nbsp;&nbsp;&nbsp;&nbsp;&nbsp;&nbsp;&nbsp;&nbsp;&nbsp;&nbsp;&nbsp; &nbsp;&nbsp;&nbsp;&nbsp;&nbsp;&nbsp;&nbsp;&nbsp;&nbsp;&nbsp;&nbsp;&nbsp;&nbsp;&nbsp;&nbsp;<\/p>\n\n\n\n<p>Plattner G\u00fcnther             8:42.42,2&nbsp;&nbsp;&nbsp;&nbsp;&nbsp;&nbsp;&nbsp;&nbsp;&nbsp;&nbsp;&nbsp;&nbsp;&nbsp; &nbsp;&nbsp;&nbsp;&nbsp;&nbsp;&nbsp;&nbsp;&nbsp;&nbsp;&nbsp;&nbsp;&nbsp;&nbsp;&nbsp;&nbsp;<\/p>\n\n\n\n<p>Luhn Markus                    8:42.48,8&nbsp;&nbsp;&nbsp;&nbsp;&nbsp;&nbsp;&nbsp;&nbsp;&nbsp;&nbsp;&nbsp;&nbsp;&nbsp; &nbsp;&nbsp;&nbsp;&nbsp;&nbsp;&nbsp;&nbsp;&nbsp;&nbsp;&nbsp;&nbsp;&nbsp;&nbsp;&nbsp;&nbsp;<\/p>\n\n\n\n<p>Sparber Walter                9:20.59,1&nbsp;&nbsp;&nbsp;&nbsp;&nbsp;&nbsp;&nbsp;&nbsp;&nbsp;&nbsp;&nbsp;&nbsp;&nbsp; &nbsp;&nbsp;&nbsp;&nbsp;&nbsp;&nbsp;&nbsp;&nbsp;&nbsp;&nbsp;&nbsp;&nbsp;&nbsp;&nbsp;&nbsp;<\/p>\n\n\n\n<p>Hochrainer Peter            10:30.40,7&nbsp;&nbsp;&nbsp;&nbsp;&nbsp;&nbsp;&nbsp;&nbsp;&nbsp;&nbsp;&nbsp; &nbsp;&nbsp;&nbsp;&nbsp;&nbsp;&nbsp;&nbsp;&nbsp;&nbsp;&nbsp;&nbsp;&nbsp;&nbsp;&nbsp;&nbsp;<\/p>\n\n\n\n<p>Putzer Josef                     10:42.22,5&nbsp;&nbsp;&nbsp;&nbsp;&nbsp;&nbsp;&nbsp;&nbsp;&nbsp;&nbsp;&nbsp; &nbsp;&nbsp;&nbsp;&nbsp;&nbsp;&nbsp;&nbsp;&nbsp;&nbsp;&nbsp;&nbsp;&nbsp;&nbsp;&nbsp;&nbsp;<\/p>\n\n\n\n<p>Prenn Hans-Peter           10:58.38,5&nbsp;&nbsp;&nbsp;&nbsp;&nbsp;&nbsp;&nbsp;&nbsp;&nbsp;&nbsp;&nbsp; &nbsp;&nbsp;&nbsp;&nbsp;&nbsp;&nbsp;&nbsp;&nbsp;&nbsp;&nbsp;&nbsp;&nbsp;&nbsp;&nbsp;&nbsp;<\/p>\n\n\n\n<p>Marchi Igino                    12:36.30,9&nbsp;&nbsp;&nbsp;&nbsp;&nbsp;&nbsp;&nbsp;&nbsp;&nbsp;&nbsp;&nbsp;<\/p>\n\n\n\n<p>Fichter Johann                12:57.57,6&nbsp;<\/p>\n","protected":false},"excerpt":{"rendered":"<p>La maratona ciclistica della \u00d6tztal si \u00e8 svolta all&#8217;inizio di luglio. Il vincitore di quest&#8217;anno \u00e8 Manuel Senni. Il 31enne ex ciclista professionista di Cesena ha vinto davanti ad Alban Lakata e Jonny Hoogerland. Nella gara femminile, Janine Meyer ha stabilito il nuovo record del percorso con 7:27:47. Si \u00e8 imposta davanti a Samantha Arrubati.&hellip;&nbsp;<a href=\"https:\/\/poli-biketeam.it\/it\/2023\/09\/oetztaler-radmarathon-2023-09-07-2023\/\" rel=\"bookmark\">Read More &raquo;<span class=\"screen-reader-text\">Maratona ciclista \u00d6tztaler 2023 &#8211; 09.07.2023<\/span><\/a><\/p>\n","protected":false},"author":2,"featured_media":0,"comment_status":"closed","ping_status":"closed","sticky":false,"template":"","format":"standard","meta":{"neve_meta_sidebar":"","neve_meta_container":"","neve_meta_enable_content_width":"","neve_meta_content_width":0,"neve_meta_title_alignment":"","neve_meta_author_avatar":"","neve_post_elements_order":"","neve_meta_disable_header":"","neve_meta_disable_footer":"","neve_meta_disable_title":"","footnotes":""},"categories":[],"tags":[],"class_list":["post-464","post","type-post","status-publish","format-standard","hentry"],"translation":{"provider":"WPGlobus","version":"3.0.2","language":"it","enabled_languages":["de","it"],"languages":{"de":{"title":true,"content":true,"excerpt":false},"it":{"title":true,"content":true,"excerpt":false}}},"_links":{"self":[{"href":"https:\/\/poli-biketeam.it\/it\/wp-json\/wp\/v2\/posts\/464","targetHints":{"allow":["GET"]}}],"collection":[{"href":"https:\/\/poli-biketeam.it\/it\/wp-json\/wp\/v2\/posts"}],"about":[{"href":"https:\/\/poli-biketeam.it\/it\/wp-json\/wp\/v2\/types\/post"}],"author":[{"embeddable":true,"href":"https:\/\/poli-biketeam.it\/it\/wp-json\/wp\/v2\/users\/2"}],"replies":[{"embeddable":true,"href":"https:\/\/poli-biketeam.it\/it\/wp-json\/wp\/v2\/comments?post=464"}],"version-history":[{"count":8,"href":"https:\/\/poli-biketeam.it\/it\/wp-json\/wp\/v2\/posts\/464\/revisions"}],"predecessor-version":[{"id":473,"href":"https:\/\/poli-biketeam.it\/it\/wp-json\/wp\/v2\/posts\/464\/revisions\/473"}],"wp:attachment":[{"href":"https:\/\/poli-biketeam.it\/it\/wp-json\/wp\/v2\/media?parent=464"}],"wp:term":[{"taxonomy":"category","embeddable":true,"href":"https:\/\/poli-biketeam.it\/it\/wp-json\/wp\/v2\/categories?post=464"},{"taxonomy":"post_tag","embeddable":true,"href":"https:\/\/poli-biketeam.it\/it\/wp-json\/wp\/v2\/tags?post=464"}],"curies":[{"name":"wp","href":"https:\/\/api.w.org\/{rel}","templated":true}]}}